[{"@context":"https:\/\/schema.org\/","@type":"Article","@id":"https:\/\/www.sanvita.cz\/vyrazte-na-cyklisticky-vylet\/#Article","mainEntityOfPage":"https:\/\/www.sanvita.cz\/vyrazte-na-cyklisticky-vylet\/","headline":"Vyrazte na cyklistick\u00fd v\u00fdlet","name":"Vyrazte na cyklistick\u00fd v\u00fdlet","description":"Cyklistika je rozhodn\u011b n\u00e1dhern\u00fd kon\u00ed\u010dek, p\u0159i kter\u00e9m m\u016f\u017eeme nav\u00edc za\u017e\u00edt opravdu spousty z\u00e1bavy a dobrodru\u017estv\u00ed. M\u016f\u017ee n\u00e1m tak\u00e9 velmi pomoci&hellip;","datePublished":"2021-03-22","dateModified":"2023-04-30","author":{"@type":"Person","@id":"https:\/\/www.sanvita.cz\/author\/#Person","name":"","url":"https:\/\/www.sanvita.cz\/author\/","identifier":1,"image":{"@type":"ImageObject","@id":"https:\/\/secure.gravatar.com\/avatar\/80bc9a30a8183589d38927f3b57d5a9aa763777ca2942415b346d54d020a9840?s=96&d=mm&r=g","url":"https:\/\/secure.gravatar.com\/avatar\/80bc9a30a8183589d38927f3b57d5a9aa763777ca2942415b346d54d020a9840?s=96&d=mm&r=g","height":96,"width":96}},"publisher":{"@type":"Organization","name":"sanvita.cz","logo":{"@type":"ImageObject","@id":"\/logo.png","url":"\/logo.png","width":600,"height":60}},"image":{"@type":"ImageObject","@id":"https:\/\/www.sanvita.cz\/wp-content\/uploads\/j%C3%ADzda%20na%20kole_10_2.jpg","url":"https:\/\/www.sanvita.cz\/wp-content\/uploads\/j%C3%ADzda%20na%20kole_10_2.jpg","height":0,"width":0},"url":"https:\/\/www.sanvita.cz\/vyrazte-na-cyklisticky-vylet\/","about":["Slu\u017eby"],"wordCount":473,"articleBody":"       Cyklistika je rozhodn\u011b n\u00e1dhern\u00fd kon\u00ed\u010dek, p\u0159i kter\u00e9m m\u016f\u017eeme nav\u00edc za\u017e\u00edt opravdu spousty z\u00e1bavy a dobrodru\u017estv\u00ed. M\u016f\u017ee n\u00e1m tak\u00e9 velmi pomoci zhubnut.Vyrazte na cyklistick\u00fd v\u00fdlet Kr\u00e1sn\u00e1 aktivita Kolo se stalo kon\u00ed\u010dkem mnoha lid\u00ed, kdy se nen\u00ed \u010demu divit, proto\u017ee na n\u011bm m\u016f\u017eeme za\u017e\u00edt opravdu mnoho dobrodru\u017estv\u00ed. Je to d\u00e1no t\u00edm, \u017ee se jedn\u00e1 dvoukol\u00fd dopravn\u00ed prost\u0159edek poh\u00e1n\u011bn\u00fd lidskou silou, kter\u00fd se m\u016f\u017ee pohybovat pom\u011brn\u011b slu\u0161nou rychlost\u00ed. J\u00edzda je proto z\u00e1\u017eivn\u00e1 a z\u00e1rove\u0148 prosp\u00edv\u00e1 na\u0161emu zdrav\u00ed, proto\u017ee se h\u00fdbeme a t\u00edm sportujeme. Fyzick\u00e1 kondice se rozhodn\u011b hod\u00ed.Krom\u011b prosp\u011bchu fyzick\u00e9ho zdrav\u00ed m\u00e1 rozhodn\u011b pozitivn\u00ed \u00fa\u010dinek na psychiku, proto\u017ee si hezky proj\u00ed\u017e\u010fkou pro\u010dist\u00edme hlavu a jdeme na \u010derstv\u00e9m vzduchu, kdy z n\u00e1s spadne v\u0161echen stres a nemus\u00edme se zab\u00fdvat r\u016fzn\u00fdmi starostmi, jen\u017e n\u00e1s v \u017eivot\u011b doprov\u00e1zej\u00ed. M\u016f\u017eeme se za pomoc\u00ed kola pod\u00edvat na mnoho n\u00e1dhern\u00fdch m\u00edst, kdy pozn\u00e1te nejen okol\u00ed sv\u00e9ho bydli\u0161t\u011b. Na internetu naleznete mnoho kr\u00e1sn\u00fdch m\u00edst, na kter\u00e9 se m\u016f\u017eete zajet pod\u00edvat. Postupn\u011b se m\u016f\u017eete zlep\u0161ovat a sv\u00e9 trasy v\u00fdletu st\u00e1le a st\u00e1le prodlu\u017eovat co se t\u00fd\u010de po\u010dtu kilometr\u016f a n\u00e1ro\u010dnosti.Pom\u016f\u017ee n\u00e1m zhubnoutM\u00e1te sen zhubnout n\u011bjak\u00e9 ty kila? Tak vyrazte na v\u00fdlet na kole https:\/\/www.bmikalkulacka.cz\/vyrazte-na-vylet-na-kole-poznate-krasy-nasi-zeme-a-jeste-zhubnete, p\u0159i kter\u00e9m si m\u016f\u017eeme d\u00e1t do t\u011bla a sp\u00e1lit dost kalori\u00ed. Kdy\u017e n\u00e1s tato aktivita bude bavit, tak je pro hubnut\u00ed skute\u010dn\u011b skv\u011bl\u00e1, proto\u017ee se budeme na ka\u017edou proj\u00ed\u017e\u010fku t\u011b\u0161it, co\u017e m\u016f\u017eeme podpo\u0159it t\u00edm, \u017ee si d\u00e1me za c\u00edlov\u00e9 m\u00edsto zaj\u00edmavou lokalitu. Vyrazte na v\u00fdlet na kole a po\u0159\u00e1dn\u011b si jej u\u017eijte, proto\u017ee to skute\u010dn\u011b stoj\u00ed za to.Ze za\u010d\u00e1tku bychom m\u011bli zvolit sp\u00ed\u0161e \u010dlenskou tempo a krat\u0161\u00ed trasy, abychom hned po prvn\u00ed proj\u00ed\u017e\u010fce nebyli \u00fapln\u011b vy\u0159\u00edzen\u00ed, proto\u017ee t\u00edm by s a na\u0161e motivace mohla dost sn\u00ed\u017eit. \u010casem je samoz\u0159ejm\u011b na m\u00edst\u011b c\u00edle zvy\u0161ovat, proto\u017ee se m\u016f\u017eeme st\u00e1le posouvat kup\u0159edu a na\u0161e fyzick\u00e1 kondice se bude st\u00e1le zlep\u0161ovat. Tak\u017ee krom\u011b zhubnut\u00ed m\u016f\u017eeme opravdu sv\u00e9 t\u011blo posunout na lep\u0161\u00ed \u00farove\u0148. \u010casto se po\u0159\u00e1daj\u00ed r\u016fzn\u00e9 cyklistick\u00e9 akce, kdy m\u016f\u017eete poznat mnoho fajn lid\u00ed, se kter\u00fdmi se to ve skupin\u011b t\u00e1hne mnohem l\u00e9pe a v\u00fdlety si m\u016f\u017eete par\u00e1dn\u011b u\u017e\u00edt.                                                                                                                                                                                                                                                                                                                                                                                                   "},{"@context":"https:\/\/schema.org\/","@type":"BreadcrumbList","itemListElement":[{"@type":"ListItem","position":1,"name":"Vyrazte na cyklistick\u00fd v\u00fdlet","item":"https:\/\/www.sanvita.cz\/vyrazte-na-cyklisticky-vylet\/#breadcrumbitem"}]}]