[{"@context":"https:\/\/schema.org\/","@type":"Article","@id":"https:\/\/www.sanvita.cz\/vodaky-plujici-na-vltave-ceka-v-roce-2018-vyrazne-omezeni\/#Article","mainEntityOfPage":"https:\/\/www.sanvita.cz\/vodaky-plujici-na-vltave-ceka-v-roce-2018-vyrazne-omezeni\/","headline":"Vod\u00e1ky pluj\u00edc\u00ed na Vltav\u011b \u010dek\u00e1 v roce 2018 v\u00fdrazn\u00e9 omezen\u00ed","name":"Vod\u00e1ky pluj\u00edc\u00ed na Vltav\u011b \u010dek\u00e1 v roce 2018 v\u00fdrazn\u00e9 omezen\u00ed","description":"Kdy\u017e se \u0159ekne Vltava, ka\u017ed\u00fd z\u00a0v\u00e1s si nepochybn\u011b p\u0159edstav\u00ed na\u0161i nejv\u00fdznamn\u011bj\u0161\u00ed \u0159eku. Zaposlouch\u00e1te-li se do symfonick\u00e9 b\u00e1sn\u011b Bed\u0159icha Smetany, jej\u00ed&hellip;","datePublished":"2025-02-24","dateModified":"2023-04-30","author":{"@type":"Person","@id":"https:\/\/www.sanvita.cz\/author\/#Person","name":"","url":"https:\/\/www.sanvita.cz\/author\/","identifier":1,"image":{"@type":"ImageObject","@id":"https:\/\/secure.gravatar.com\/avatar\/80bc9a30a8183589d38927f3b57d5a9aa763777ca2942415b346d54d020a9840?s=96&d=mm&r=g","url":"https:\/\/secure.gravatar.com\/avatar\/80bc9a30a8183589d38927f3b57d5a9aa763777ca2942415b346d54d020a9840?s=96&d=mm&r=g","height":96,"width":96}},"publisher":{"@type":"Organization","name":"sanvita.cz","logo":{"@type":"ImageObject","@id":"\/logo.png","url":"\/logo.png","width":600,"height":60}},"image":{"@type":"ImageObject","@id":"https:\/\/www.sanvita.cz\/wp-content\/uploads\/img_a314350_w2539_t1525121140.jpg","url":"https:\/\/www.sanvita.cz\/wp-content\/uploads\/img_a314350_w2539_t1525121140.jpg","height":0,"width":0},"url":"https:\/\/www.sanvita.cz\/vodaky-plujici-na-vltave-ceka-v-roce-2018-vyrazne-omezeni\/","about":["Sport"],"wordCount":546,"articleBody":"Kdy\u017e se \u0159ekne Vltava, ka\u017ed\u00fd z\u00a0v\u00e1s si nepochybn\u011b p\u0159edstav\u00ed na\u0161i nejv\u00fdznamn\u011bj\u0161\u00ed \u0159eku. Zaposlouch\u00e1te-li se do symfonick\u00e9 b\u00e1sn\u011b Bed\u0159icha Smetany, jej\u00ed podmaniv\u00e9 t\u00f3ny v\u00e1s okouzl\u00ed natolik, \u017ee budete tou\u017eit Vltavu poznat bl\u00ed\u017e. A nen\u00ed to a\u017e takov\u00fd probl\u00e9m, sta\u010d\u00ed se proti proudu posouvat prstem po map\u011b do m\u00edst, kter\u00e1 lze nav\u0161t\u00edvit i osobn\u011b: Soutok s\u00a0Labem u M\u011bln\u00edka, soustavu pra\u017esk\u00fdch most\u016f, kask\u00e1du p\u0159ehrad od Vran\u00e9ho a\u017e po Slapy a Orl\u00edk, soutok s\u00a0Otavou u Zv\u00edkova, soutok s\u00a0Lu\u017enic\u00ed u T\u00fdna nad Vltavou, \u010cesk\u00e9 Bud\u011bjovice, \u010cesk\u00fd Krumlov, a horn\u00ed tok k\u00a0Lipensk\u00e9 p\u0159ehrad\u011b a do \u0161umavsk\u00fdch hvozd\u016f.Pr\u00e1v\u011b zmi\u0148ovan\u00e9 horn\u00ed partie pod Lipnem u kl\u00e1\u0161tera Vy\u0161\u0161\u00ed Brod a\u017e do \u010cesk\u00e9ho Krumlova a Zlat\u00e9 Koruny jsou obl\u00edben\u00fdm vod\u00e1ck\u00fdm ter\u00e9nem pro sportovn\u00ed nad\u0161ence na polyetylenov\u00fdch, lamin\u00e1tov\u00fdch, a nafukovac\u00edch plavidlech.Splouvat Vltavu, znamen\u00e1 za\u010d\u00edt ch\u00e1pat n\u00e1rodn\u00ed d\u011bjiny. Zn\u00ed to mo\u017en\u00e1 nadnesen\u011b, ale pr\u00e1v\u011b tato \u0159eka je n\u00e1rodn\u00edm symbolem. Jedine\u010dn\u00fdm a neopakovateln\u00fdm. Nav\u00edc ji v\u011bt\u0161ina vod\u00e1k\u016f pova\u017euje za \u0159eku nejkr\u00e1sn\u011bj\u0161\u00ed, hodnou prozkoum\u00e1v\u00e1n\u00ed, rok co rok. Jakmile vysvitne Slunce trochu v\u00fd\u0161 nad obzor a teplota vody v\u00a0l\u00e9t\u011b povysko\u010d\u00ed na teplom\u011bru o p\u00e1r stup\u00ednk\u016f, nad\u0161enci usedaj\u00ed do seda\u010dek a berou do ruky p\u00e1dla, obl\u00e9kaj\u00ed vesty, a nasazuj\u00ed ochrann\u00e9 p\u0159ilby.\tPo\u010dm\u00e1ran\u00e9 sk\u00e1le od rakousk\u00e9 mal\u00ed\u0159ky hroz\u00ed z\u0159\u00edcen\u00edVltavu lze splouvat jako jednotlivec, i ve skupin\u00e1ch. Sj\u00edzdn\u00e9 sportovn\u00ed propusti jez\u016f umoc\u0148uj\u00ed ryze sportovn\u00ed charakter plavby v\u00a0pe\u0159ej\u00edch obt\u00ed\u017enosti WW I, snad jen nad Krumlovem se \u0159eka m\u00edrn\u011b zklid\u0148uje, aby se vod\u00e1ci mohli kochat p\u0159\u00edv\u011btivou krajinou jehli\u010dnat\u00fdch les\u016f a prostorn\u00fdch luk, a tak\u00e9 v\u00fdjime\u010dn\u00fdch p\u0159\u00edrodn\u00edch scen\u00e9ri\u00ed. Jednou z\u00a0nich je ob\u0159\u00ed tis\u00edcitunov\u00fd kamenn\u00fd blok, p\u0159ezd\u00edvan\u00fd jako \u201ePo\u010dm\u00e1ran\u00e1, nebo Papou\u0161\u010d\u00ed sk\u00e1la\u201c.V\u00a0roce 2018 v\u0161ak budou vod\u00e1ci v\u00a0t\u00e9to oblasti v\u00fdrazn\u011b omezeni. Soudn\u00ed znalci z\u00a0oboru geologie rozhodli, \u017ee je nutno uzav\u0159\u00edt silnici pod exponovan\u00fdm ter\u00e9nem a z\u00e1rove\u0148 \u010d\u00e1st \u0159\u00ed\u010dn\u00edho koridoru. Bohu\u017eel se p\u0159es zimu zv\u011bt\u0161ila sp\u00e1ra ve skaln\u00edm masivu a hroz\u00ed nebezpe\u010d\u00ed z\u0159\u00edcen\u00ed cel\u00e9 sk\u00e1ly. Na odpor se postavili vod\u00e1ci s\u00a0t\u00edm, \u017ee by r\u00e1di proplouvali alespo\u0148 pod\u00e9l druh\u00e9ho b\u0159ehu, ale bohu\u017eel se Lesy \u010cR vyj\u00e1d\u0159ili odm\u00edtav\u011b, \u017ee by padaj\u00edc\u00ed \u00falomky kamen\u016f mohly n\u011bkoho v\u00e1\u017en\u011b zranit. Mezit\u00edm se budou na sk\u00e1le prov\u00e1d\u011bt sana\u010dn\u00ed pr\u00e1ce, ale zat\u00edm nen\u00ed jasn\u00e9, kolik \u010dasu si cel\u00e1 akce vy\u017e\u00e1d\u00e1.Ka\u017edoro\u010dn\u011b se na Vltavu vyprav\u00ed zhruba 250 tis\u00edc lid\u00ed a \u0159eka se ofici\u00e1ln\u011b odemyk\u00e1 v\u017edy na konci dubna. Vltava je tak\u00e9 obl\u00edben\u00fdm m\u00edstem tr\u00e1ven\u00ed dovolen\u00e9 vod\u00e1k\u016f z\u00a0Rakouska, z\u00a0N\u011bmecka, ze \u0160v\u00fdcarska, z\u00a0Francie, z\u00a0Polska, a ze Slovenska.                                                                                                                                                                                                                                                                                                                                                                                                "},{"@context":"https:\/\/schema.org\/","@type":"BreadcrumbList","itemListElement":[{"@type":"ListItem","position":1,"name":"Vod\u00e1ky pluj\u00edc\u00ed na Vltav\u011b \u010dek\u00e1 v roce 2018 v\u00fdrazn\u00e9 omezen\u00ed","item":"https:\/\/www.sanvita.cz\/vodaky-plujici-na-vltave-ceka-v-roce-2018-vyrazne-omezeni\/#breadcrumbitem"}]}]