[{"@context":"https:\/\/schema.org\/","@type":"Article","@id":"https:\/\/www.sanvita.cz\/vezmete-na-dovolenou-k-jindrichovu-hradci-kola-nejlepe-na-nosici-na-taznem-zarizeni\/#Article","mainEntityOfPage":"https:\/\/www.sanvita.cz\/vezmete-na-dovolenou-k-jindrichovu-hradci-kola-nejlepe-na-nosici-na-taznem-zarizeni\/","headline":"Vezm\u011bte na dovolenou k Jind\u0159ichovu Hradci kola, nejl\u00e9pe na nosi\u010di na ta\u017en\u00e9m za\u0159\u00edzen\u00ed","name":"Vezm\u011bte na dovolenou k Jind\u0159ichovu Hradci kola, nejl\u00e9pe na nosi\u010di na ta\u017en\u00e9m za\u0159\u00edzen\u00ed","description":"\u0158eka Ne\u017e\u00e1rka je jednou z nejkr\u00e1sn\u011bj\u0161\u00edch v cel\u00e9 Evrop\u011b, nen\u00ed toti\u017e prakticky v\u016fbec zasa\u017eena pr\u016fmyslovou \u010dinnost\u00ed a prot\u00e9k\u00e1 z v\u011bt\u0161\u00ed&hellip;","datePublished":"2021-02-17","dateModified":"2023-04-30","author":{"@type":"Person","@id":"https:\/\/www.sanvita.cz\/author\/#Person","name":"","url":"https:\/\/www.sanvita.cz\/author\/","identifier":1,"image":{"@type":"ImageObject","@id":"https:\/\/secure.gravatar.com\/avatar\/80bc9a30a8183589d38927f3b57d5a9aa763777ca2942415b346d54d020a9840?s=96&d=mm&r=g","url":"https:\/\/secure.gravatar.com\/avatar\/80bc9a30a8183589d38927f3b57d5a9aa763777ca2942415b346d54d020a9840?s=96&d=mm&r=g","height":96,"width":96}},"publisher":{"@type":"Organization","name":"sanvita.cz","logo":{"@type":"ImageObject","@id":"\/logo.png","url":"\/logo.png","width":600,"height":60}},"image":{"@type":"ImageObject","@id":"https:\/\/www.sanvita.cz\/wp-content\/uploads\/silni%C4%8Dn%C3%AD%20kolo.png","url":"https:\/\/www.sanvita.cz\/wp-content\/uploads\/silni%C4%8Dn%C3%AD%20kolo.png","height":0,"width":0},"url":"https:\/\/www.sanvita.cz\/vezmete-na-dovolenou-k-jindrichovu-hradci-kola-nejlepe-na-nosici-na-taznem-zarizeni\/","about":["Produkty"],"wordCount":435,"articleBody":"       \u0158eka Ne\u017e\u00e1rka je jednou z nejkr\u00e1sn\u011bj\u0161\u00edch v cel\u00e9 Evrop\u011b, nen\u00ed toti\u017e prakticky v\u016fbec zasa\u017eena pr\u016fmyslovou \u010dinnost\u00ed a prot\u00e9k\u00e1 z v\u011bt\u0161\u00ed \u010d\u00e1sti Chr\u00e1n\u011bnou krajinnou oblast\u00ed T\u0159ebo\u0148sko. Je to nejvydatn\u011bj\u0161\u00ed p\u0159\u00edtok \u0159eky Lu\u017enice a je tak\u00e9 z\u010d\u00e1sti splouv\u00e1na vod\u00e1ky, kte\u0159\u00ed se na rozvod\u00ed Star\u00e9 a Nov\u00e9 \u0159eky rozhodnou vyu\u017e\u00edt um\u011ble vybudovan\u00e9 koryto Jakubem Kr\u010d\u00ednem z Jel\u010dan a Sedl\u010dan. Podstatnou v\u00fdhodou t\u00e9to oblasti je jej\u00ed malebnost a romantick\u00fd duch, pokud m\u00e1te nam\u00ed\u0159eno do jiho\u010desk\u00e9ho regionu, nem\u011bli byste nechat tento kout p\u0159\u00edrody bez pov\u0161imnut\u00ed.Jind\u0159ichohradecko je tak\u00e9 oblast\u00ed, kde m\u016f\u017eete potkat stovky cyklist\u016f a nen\u00ed to v\u016fbec n\u00e1hodou, krajina T\u0159ebo\u0148ska a okol\u00ed m\u011bsta Jind\u0159ich\u016fv Hradec je m\u00edrn\u011b zvln\u011bn\u00e1 a p\u0159ech\u00e1z\u00ed do ploch\u00e9 roviny T\u0159ebo\u0148sk\u00e9 p\u00e1nve, je protk\u00e1na loukami a rem\u00edzky, ale i hlubok\u00fdmi borov\u00fdmi a sm\u00ed\u0161en\u00fdmi lesy. Z pam\u011btihodnost\u00ed, kter\u00e9 stoj\u00ed za prohl\u00eddku, je to z\u00e1mek ve Str\u00e1\u017ei nad Ne\u017e\u00e1rkou, lesn\u00ed z\u00e1me\u010dek Jem\u010dina, z\u00e1mek v Jind\u0159ichov\u011b Hradci a v T\u0159eboni.Vycestovat k Ne\u017e\u00e1rce byste m\u011bli vlastn\u00edm vozem, je to nejpohodln\u011bj\u0161\u00ed, nejrychlej\u0161\u00ed a nejbezpe\u010dn\u011bj\u0161\u00ed zp\u016fsob. Vyhnete se p\u0159elidn\u011bn\u00fdm autobus\u016fm a vlak\u016fm s vyd\u00fdchan\u00fdm vzduchem, sn\u00ed\u017e\u00edte pravd\u011bpodobnost n\u00e1kazy Covidem a na vlastn\u00ed ta\u017en\u00e9 za\u0159\u00edzen\u00ed m\u016f\u017eete p\u0159ipojit nosi\u010d kol na ta\u017en\u00e9 za\u0159\u00edzen\u00ed pro 4 kola Amsa.cz, kter\u00e1 byste m\u011bli m\u00edt s sebou v ka\u017ed\u00e9m p\u0159\u00edpad\u011b. J\u00edzda pod\u00e9l \u0159eky je toti\u017e nezapomenuteln\u00e1, bude se l\u00edbit v\u00e1m i va\u0161im d\u011btem, a pokud jste tu nikdy nebyli, zastavte se v kempu Jem\u010dina, na samot\u011b U \u0160imanova, na samot\u011b P\u00e1vek, kter\u00e1 se objevila v reklam\u011b na oplatky Opavia, u jezu Metel s ob\u010derstven\u00edm a v kempu Hamr v bl\u00edzkosti jezu. J\u00edzdu m\u016f\u017eete prodlou\u017eit a\u017e do Vesel\u00ed nad Lu\u017enic\u00ed a k veselsk\u00fdm p\u00edskovn\u00e1m, p\u0159\u00edpadn\u011b pod\u00e9l toku Lu\u017enice a\u017e do T\u00e1bora, nebo proti proudu k rybn\u00edku Ro\u017emberk.Ta\u017en\u00e9 za\u0159\u00edzen\u00ed m\u016f\u017ee b\u00fdt va\u0161\u00edm partnerem na cest\u00e1ch za ka\u017ed\u00e9ho po\u010das\u00ed a v ka\u017ed\u00e9 ro\u010dn\u00ed dob\u011b a Ji\u017en\u00ed \u010cechy stoj\u00ed za to prozkoumat jejich z\u00e1kout\u00ed d\u016fkladn\u011b a pe\u010dliv\u011b.                                                                                                                                                                                                                                                                                                                                                                                                  "},{"@context":"https:\/\/schema.org\/","@type":"BreadcrumbList","itemListElement":[{"@type":"ListItem","position":1,"name":"Vezm\u011bte na dovolenou k Jind\u0159ichovu Hradci kola, nejl\u00e9pe na nosi\u010di na ta\u017en\u00e9m za\u0159\u00edzen\u00ed","item":"https:\/\/www.sanvita.cz\/vezmete-na-dovolenou-k-jindrichovu-hradci-kola-nejlepe-na-nosici-na-taznem-zarizeni\/#breadcrumbitem"}]}]