[{"@context":"https:\/\/schema.org\/","@type":"Article","@id":"https:\/\/www.sanvita.cz\/novy-pekny-interier\/#Article","mainEntityOfPage":"https:\/\/www.sanvita.cz\/novy-pekny-interier\/","headline":"Nov\u00fd p\u011bkn\u00fd interi\u00e9r","name":"Nov\u00fd p\u011bkn\u00fd interi\u00e9r","description":"Tak\u00e9 jste u\u017e p\u0159em\u00fd\u0161leli nad t\u00edm, \u017ee byste si doma n\u011bco vylep\u0161ili, \u017ee byste cht\u011bli doma zm\u011bnu? Ud\u011blali n\u011bco \u00fapln\u011b&hellip;","datePublished":"2024-04-15","dateModified":"2024-04-15","author":{"@type":"Person","@id":"https:\/\/www.sanvita.cz\/author\/#Person","name":"","url":"https:\/\/www.sanvita.cz\/author\/","identifier":1,"image":{"@type":"ImageObject","@id":"https:\/\/secure.gravatar.com\/avatar\/80bc9a30a8183589d38927f3b57d5a9aa763777ca2942415b346d54d020a9840?s=96&d=mm&r=g","url":"https:\/\/secure.gravatar.com\/avatar\/80bc9a30a8183589d38927f3b57d5a9aa763777ca2942415b346d54d020a9840?s=96&d=mm&r=g","height":96,"width":96}},"publisher":{"@type":"Organization","name":"sanvita.cz","logo":{"@type":"ImageObject","@id":"\/logo.png","url":"\/logo.png","width":600,"height":60}},"image":{"@type":"ImageObject","@id":"https:\/\/www.sanvita.cz\/wp-content\/uploads\/real-estate-6893060_1280_2.jpg","url":"https:\/\/www.sanvita.cz\/wp-content\/uploads\/real-estate-6893060_1280_2.jpg","height":0,"width":0},"url":"https:\/\/www.sanvita.cz\/novy-pekny-interier\/","about":["Neza\u0159azen\u00e9"],"wordCount":431,"articleBody":"   Tak\u00e9 jste u\u017e p\u0159em\u00fd\u0161leli nad t\u00edm, \u017ee byste si doma n\u011bco vylep\u0161ili, \u017ee byste cht\u011bli doma zm\u011bnu? Ud\u011blali n\u011bco \u00fapln\u011b jin\u00e9ho, ne\u017e na co jste zvykl\u00ed? A co t\u0159eba vyzkou\u0161et n\u011bkter\u00e9 architekty anebo bytov\u00e9 design\u00e9ry? Pokud st\u00e1le je\u0161t\u011b o tom nep\u0159em\u00fd\u0161l\u00edte a v\u00e1h\u00e1te nebo se boj\u00edte, \u017ee za to d\u00e1te hodn\u011b pen\u011bz, tak p\u0159esta\u0148te v\u00e1hat. V prvn\u00ed \u0159ad\u011b se pod\u00edvejte na webov\u00e9 str\u00e1nky bydesign.cz. Tady na tomhle webu najdete opravdu kvalitn\u00ed pra\u017esk\u00e1 studia. Pra\u017esk\u00e9 designov\u00e9 studio bydesign.cz se\u017eenete na tomto webu a tak\u00e9 se dozv\u00edte, \u017ee pr\u00e1v\u011b tato slu\u017eba nab\u00edz\u00ed opravdu perfektn\u00ed slu\u017eby, kter\u00e9 vy m\u016f\u017eete vyu\u017e\u00edt, pokud t\u0159eba va\u0161e bydlen\u00ed v\u00e1s u\u017e nud\u00ed a cht\u011bli byste zm\u011bnu anebo vdechnout va\u0161\u00ed dom\u00e1cnosti n\u011bco nov\u00e9ho. Tak pra\u017esk\u00e9 designov\u00e9 studio pro v\u00e1s bude opravdu tou nejv\u00edce vhodnou volbou. J\u00e1 sama jsem si \u0159\u00edkala, a tak\u00e9 jsem pov\u011bd\u011bla partnerovi, \u017ee u\u017e to u n\u00e1s doma pot\u0159ebuje n\u011bjakou zm\u011bnu, n\u011bjakou vzpruhu. Jenom si p\u0159edstavte, \u017ee t\u0159eba u\u017e bydl\u00edte deset let ve stejn\u00e9m interi\u00e9ru, m\u00e1te deset let stejn\u00e9 v\u011bci. Samoz\u0159ejm\u011b, \u017ee n\u011bkdy postupem \u010dasu koup\u00edme n\u011bco nov\u00e9ho, ale my jsme cht\u011bli n\u011bco \u00fapln\u011b nov\u00e9ho, t\u0159eba d\u00e1t klidn\u011b z kuchyn\u011b do ob\u00fdv\u00e1ku n\u011bjakou p\u0159\u00ed\u010dku. Jako t\u0159eba n\u011bjakou poli\u010dku na kv\u011btinu nebo n\u011bco \u00fapln\u011b jin\u00e9ho, televizi p\u0159em\u00edstit a tak podobn\u011b zm\u011bnit celkov\u011b cel\u00fd interi\u00e9r. Jenom\u017ee j\u00e1 se boj\u00edm. Boj\u00edm se, \u017ee ud\u011bl\u00e1m n\u011bco \u0161patn\u011b a potom se mi to nebude l\u00edbit, tak jsme se s partnerem dohodli, \u017ee pozveme pra\u017esk\u00e9 designov\u00e9 studio, a\u0165 to stoj\u00ed, co to stoj\u00ed. Nav\u00edc jsem se ale dozv\u011bd\u011bla, \u017ee pra\u017esk\u00e9 designov\u00e9 studio si nebere tolik pen\u011bz, brali si dokonce o n\u011bco m\u00e1lo m\u00e9n\u011b pen\u011bz, ne\u017e kolik jsme si s partnerem mysleli, tak jsme akor\u00e1t litovali toho, \u017ee jsme si pra\u017esk\u00e9 designov\u00e9 studio nepozvali k n\u00e1m d\u0159\u00edve. Mohli jsme m\u00edt doma u\u017e n\u011bco nov\u00e9ho d\u0159\u00edve. A v\u011b\u0159te nebo ne, ale i n\u00e1\u0161 vztah n\u00e1m to rozproudilo. N\u00e1\u0161 vztah je zase na lep\u0161\u00ed cest\u011b, ne\u017e kdy\u017e byl kdysi.                                                                                                                                                                                                                                                                                                                                                                                                   "},{"@context":"https:\/\/schema.org\/","@type":"BreadcrumbList","itemListElement":[{"@type":"ListItem","position":1,"name":"Nov\u00fd p\u011bkn\u00fd interi\u00e9r","item":"https:\/\/www.sanvita.cz\/novy-pekny-interier\/#breadcrumbitem"}]}]