[{"@context":"https:\/\/schema.org\/","@type":"Article","@id":"https:\/\/www.sanvita.cz\/kveten-cas-obdarovavani\/#Article","mainEntityOfPage":"https:\/\/www.sanvita.cz\/kveten-cas-obdarovavani\/","headline":"Kv\u011bten \u2013 \u010das obdarov\u00e1v\u00e1n\u00ed","name":"Kv\u011bten \u2013 \u010das obdarov\u00e1v\u00e1n\u00ed","description":"Sv\u00e1tky jara se na n\u00e1s nyn\u00ed jen pohrnou. Co nevid\u011bt zde budeme m\u00edt ten M\u00e1ch\u016fv (Byl prvn\u00ed ve\u010der, prvn\u00ed m\u00e1j&hellip;","datePublished":"2024-10-17","dateModified":"2024-10-17","author":{"@type":"Person","@id":"https:\/\/www.sanvita.cz\/author\/#Person","name":"","url":"https:\/\/www.sanvita.cz\/author\/","identifier":1,"image":{"@type":"ImageObject","@id":"https:\/\/secure.gravatar.com\/avatar\/80bc9a30a8183589d38927f3b57d5a9aa763777ca2942415b346d54d020a9840?s=96&d=mm&r=g","url":"https:\/\/secure.gravatar.com\/avatar\/80bc9a30a8183589d38927f3b57d5a9aa763777ca2942415b346d54d020a9840?s=96&d=mm&r=g","height":96,"width":96}},"publisher":{"@type":"Organization","name":"sanvita.cz","logo":{"@type":"ImageObject","@id":"\/logo.png","url":"\/logo.png","width":600,"height":60}},"url":"https:\/\/www.sanvita.cz\/kveten-cas-obdarovavani\/","wordCount":247,"articleBody":"Sv\u00e1tky jara se na n\u00e1s nyn\u00ed jen pohrnou. Co nevid\u011bt zde budeme m\u00edt ten M\u00e1ch\u016fv (Byl prvn\u00ed ve\u010der, prvn\u00ed m\u00e1j \u2026) a nejen hrdli\u010d\u010din hlas bude zv\u00e1t ku l\u00e1sce, ale s rozkv\u00e9taj\u00edc\u00edmi stromy a kv\u011bty v zahrad\u00e1ch se na\u0161e city \u2013 tedy alespo\u0148 v\u011bt\u0161iny z n\u00e1s &#8211; za\u010dnou probouzet a s nimi i touha obdarov\u00e1vat. Po Prvn\u00edm m\u00e1ji zde bude osm\u00fd kv\u011bten, kter\u00fd je mimo jin\u00e9 spojov\u00e1n i se Dnem matek na cel\u00e9m sv\u011bt\u011b. Tak\u017ee p\u00e1nov\u00e9, \u010dek\u00e1 v\u00e1s nyn\u00ed hodn\u011b p\u0159em\u00fd\u0161len\u00ed o vhodn\u00fdch d\u00e1rc\u00edch a rovn\u011b\u017e i n\u011bjak\u00e9 ty v\u00fddaje, abyste ud\u011blali radost jak sv\u00fdm man\u017eelk\u00e1m, milenk\u00e1m, tak i mamink\u00e1m. No, a proto\u017ee pokud jsme d\u011btmi, m\u00e1me samoz\u0159ejm\u011b sv\u00e9 maminky i my, mil\u00e9 man\u017eelky, milenky a maminky, tak\u017ee i my bychom se m\u011bly zamyslet, jak s touto situac\u00ed nalo\u017eit.V\u0161echny \u201emouchy\u201c jednou ranouZav\u00edtejte v\u0161ichni, kte\u0159\u00ed se chyst\u00e1te obdarov\u00e1vat, do na\u0161eho internetov\u00e9ho obchodu a uvid\u00edte, \u017ee najdete spoustu vhodn\u00fdch d\u00e1re\u010dk\u016f v\u010detn\u011b velmi kvalitn\u00ed bi\u017euterie za velmi p\u0159ijateln\u00e9 ceny. Bude sta\u010dit p\u00e1r kliknut\u00ed a budete m\u00edt d\u00e1re\u010dky pro v\u0161echny. Kvalitn\u011b, jednodu\u0161e a levn\u011b. Tak co vy na to?                                                                                                                                                                                                                                                                                                                                                                                                "},{"@context":"https:\/\/schema.org\/","@type":"BreadcrumbList","itemListElement":[{"@type":"ListItem","position":1,"name":"Kv\u011bten \u2013 \u010das obdarov\u00e1v\u00e1n\u00ed","item":"https:\/\/www.sanvita.cz\/kveten-cas-obdarovavani\/#breadcrumbitem"}]}]