[{"@context":"https:\/\/schema.org\/","@type":"Article","@id":"https:\/\/www.sanvita.cz\/je-pristresek-na-auto-dostatecnou-nahradou-klasicke-garaze\/#Article","mainEntityOfPage":"https:\/\/www.sanvita.cz\/je-pristresek-na-auto-dostatecnou-nahradou-klasicke-garaze\/","headline":"Je p\u0159\u00edst\u0159e\u0161ek na auto dostate\u010dnou n\u00e1hradou klasick\u00e9 gar\u00e1\u017ee?","name":"Je p\u0159\u00edst\u0159e\u0161ek na auto dostate\u010dnou n\u00e1hradou klasick\u00e9 gar\u00e1\u017ee?","description":"Dnes nen\u00ed nic zvl\u00e1\u0161tn\u00edho na tom, \u017ee rodina m\u00e1 dva nebo i t\u0159i automobily, jeden pro ka\u017ed\u00e9ho dosp\u011bl\u00e9ho \u010dlena. To&hellip;","datePublished":"2020-12-20","dateModified":"2023-12-11","author":{"@type":"Person","@id":"https:\/\/www.sanvita.cz\/author\/#Person","name":"","url":"https:\/\/www.sanvita.cz\/author\/","identifier":1,"image":{"@type":"ImageObject","@id":"https:\/\/secure.gravatar.com\/avatar\/80bc9a30a8183589d38927f3b57d5a9aa763777ca2942415b346d54d020a9840?s=96&d=mm&r=g","url":"https:\/\/secure.gravatar.com\/avatar\/80bc9a30a8183589d38927f3b57d5a9aa763777ca2942415b346d54d020a9840?s=96&d=mm&r=g","height":96,"width":96}},"publisher":{"@type":"Organization","name":"sanvita.cz","logo":{"@type":"ImageObject","@id":"\/logo.png","url":"\/logo.png","width":600,"height":60}},"image":{"@type":"ImageObject","@id":"https:\/\/www.sanvita.cz\/wp-content\/uploads\/auto1_10.png","url":"https:\/\/www.sanvita.cz\/wp-content\/uploads\/auto1_10.png","height":0,"width":0},"url":"https:\/\/www.sanvita.cz\/je-pristresek-na-auto-dostatecnou-nahradou-klasicke-garaze\/","about":["Produkty"],"wordCount":423,"articleBody":"     Dnes nen\u00ed nic zvl\u00e1\u0161tn\u00edho na tom, \u017ee rodina m\u00e1 dva nebo i t\u0159i automobily, jeden pro ka\u017ed\u00e9ho dosp\u011bl\u00e9ho \u010dlena. To umo\u017e\u0148uje snadnou mobilitu a nen\u00ed t\u0159eba se domlouvat, kdo pro koho p\u0159ijede do pr\u00e1ce a kdy pojede na n\u00e1kup. Zato v\u0161ak vyvst\u00e1v\u00e1 jin\u00e1 ot\u00e1zka: kam ony vozy um\u00edstit?Je samoz\u0159ejm\u00e9, \u017ee pokud chceme, aby n\u00e1m automobil slou\u017eil dlouho, je nutn\u00e9 se o n\u011bj pe\u010dliv\u011b starat. To tak\u00e9 znamen\u00e1 nechat jej vystaven\u00fd vn\u011bj\u0161\u00edm vliv\u016fm pouze po dobu nezbytn\u011b nutnou. Mr\u00e1z, sn\u00edh ani d\u00e9\u0161\u0165 mu toti\u017e rozhodn\u011b neprosp\u011bj\u00ed.K tomuto \u00fa\u010delu se tak\u00e9 buduj\u00ed gar\u00e1\u017ee. Ty jsou sou\u010d\u00e1st\u00ed prakticky ka\u017ed\u00e9ho rodinn\u00e9ho domu. Pro lidi, kte\u0159\u00ed bydl\u00ed v bytech, jsou pak stav\u011bny extern\u00ed gar\u00e1\u017ee. Ty v\u0161ak mohou b\u00fdt od obydl\u00ed dost vzd\u00e1leny, tak\u017ee se \u010dasto nevyplat\u00ed a lid\u00e9 jsou nuceni nech\u00e1vat sv\u00e9 auto na parkovi\u0161t\u00edch p\u0159ed domem.Ov\u0161em a\u010dkoliv je gar\u00e1\u017e \u010dasto sou\u010d\u00e1st\u00ed rodinn\u00fdch domk\u016f, neznamen\u00e1 to, \u017ee je samoz\u0159ejmou sou\u010d\u00e1st\u00ed. A i pokud je, pak jich nemus\u00ed b\u00fdt dost na to, aby se tam mohly um\u00edstit ve\u0161ker\u00e9 automobily, kter\u00e9 dan\u00e1 rodina vlastn\u00ed. Co v takov\u00e9m p\u0159\u00edpad\u011b d\u011blat?\u0158e\u0161en\u00edm zde m\u016f\u017ee b\u00fdt p\u0159\u00edst\u0159e\u0161ek na auto https:\/\/www.pergoly-trutnov.cz\/garazove-stani. Jedn\u00e1 se o otev\u0159enou zast\u0159e\u0161enou konstrukci, kter\u00e1 m\u00e1 automobil chr\u00e1nit p\u0159ed t\u011bmi nejhor\u0161\u00edmi vlivy po\u010das\u00ed. Je v\u0161ak dostate\u010dnou n\u00e1hradou za klasickou gar\u00e1\u017e, nebo jde jen o provizorn\u00ed \u0159e\u0161en\u00ed?Bohu\u017eel, p\u0159\u00edst\u0159e\u0161ek n\u00e1\u0161 v\u016fz pln\u011b neochr\u00e1n\u00ed. Je t\u0159eba uv\u00e1\u017eit, \u017ee d\u00edky v\u011btru d\u00e9\u0161\u0165 ani sn\u00edh \u010dasto nepadaj\u00ed p\u0159\u00edmo rovn\u011b dol\u016f, n\u00fdbr\u017e \u010d\u00e1ste\u010dn\u011b do strany. Nav\u00edc neochr\u00e1n\u00ed p\u0159ed v\u011btrem a j\u00edm nesen\u00fdmi p\u0159edm\u011bty, ani p\u0159ed zimou, co\u017e jsou dal\u0161\u00ed dva faktory, kter\u00e9 p\u0159isp\u00edvaj\u00ed ke zkr\u00e1cen\u00ed \u017eivotnosti va\u0161eho vozu.Jde tedy sice o provizorn\u00ed ochranu, ale skute\u010dn\u011b by nem\u011bla slou\u017eit jako permanentn\u00ed \u0159e\u0161en\u00ed. Ochr\u00e1n\u00ed jej toti\u017e sice p\u0159ed v\u011bt\u0161inou de\u0161t\u011b, sn\u011bhu \u010di pta\u010d\u00edch v\u00fdkal\u016f, av\u0161ak jin\u00e9 vlivy zde budou p\u016fsobit neru\u0161en\u011b d\u00e1l. A v\u011b\u0159te, \u017ee v\u00e1\u0161 v\u016fz takov\u00e9 zach\u00e1zen\u00ed rozhodn\u011b neocen\u00ed.                                                                                                                                                                                                                                                                                                                                                                                                  "},{"@context":"https:\/\/schema.org\/","@type":"BreadcrumbList","itemListElement":[{"@type":"ListItem","position":1,"name":"Je p\u0159\u00edst\u0159e\u0161ek na auto dostate\u010dnou n\u00e1hradou klasick\u00e9 gar\u00e1\u017ee?","item":"https:\/\/www.sanvita.cz\/je-pristresek-na-auto-dostatecnou-nahradou-klasicke-garaze\/#breadcrumbitem"}]}]